{"id":5121,"date":"2022-02-14T07:46:46","date_gmt":"2022-02-14T07:46:46","guid":{"rendered":"https:\/\/www.burdurtb.org.tr\/tr\/?p=5121"},"modified":"2024-06-24T07:47:37","modified_gmt":"2024-06-24T07:47:37","slug":"btb-baskani-gunduzalp-girdi-maliyetleri-ve-alim-gucu-uretimi-etkiledi","status":"publish","type":"post","link":"https:\/\/www.burdurtb.org.tr\/tr\/2022\/02\/14\/btb-baskani-gunduzalp-girdi-maliyetleri-ve-alim-gucu-uretimi-etkiledi\/","title":{"rendered":"BTB Ba\u015fkan\u0131 G\u00fcnd\u00fczalp: Girdi Maliyetleri ve Al\u0131m G\u00fcc\u00fc \u00dcretimi Etkiledi"},"content":{"rendered":"<p>Burdur Ticaret Borsas\u0131 (BTB) Y\u00f6netim Kurulu Ba\u015fkan\u0131 Veteriner Hekim \u00d6mer Faruk G\u00fcnd\u00fczalp, T\u00fcrkiye \u0130statistik Kurumu (T\u00dc\u0130K) taraf\u0131ndan a\u00e7\u0131klanan 2020-2021 y\u0131llar\u0131na ili\u015fkin s\u00fct \u00fcr\u00fcnleri \u00fcretim rakamlar\u0131 hakk\u0131nda bilgi verdi. A\u00e7\u0131klanan verilerine g\u00f6re, 2021 Aral\u0131k\u2019ta bir \u00f6nceki y\u0131l\u0131n ayn\u0131 ay\u0131na g\u00f6re i\u00e7me s\u00fct\u00fc \u00fcretimi y\u00fczde 10,2 azalarak 126 bin 633 tona, ayn\u0131 d\u00f6nemde peynir \u00fcretimindeki d\u00fc\u015f\u00fc\u015f\u00fcn ise y\u00fczde 18\u2019i buldu\u011funu aktaran G\u00fcnd\u00fczalp, \u201cArtan girdi maliyetlerine ba\u011fl\u0131k olarak yine artan g\u0131da enflasyonu, \u00fcretimi oldu\u011fu gibi t\u00fcketimi de etkiledi. Ancak temel g\u0131da \u00fcr\u00fcnlerindeki KDV indiriminin de marketlere olumlu yans\u0131mas\u0131n\u0131 bekliyoruz\u201d dedi.<\/p>\n<p>S\u00dcT \u00dcRET\u0130M\u0130 10,2 AZALDI<\/p>\n<p>T\u00dc\u0130K\u2019in 2021 Aral\u0131k ay\u0131na ili\u015fkin s\u00fct ve s\u00fct \u00fcr\u00fcnleri \u00fcretimini hakk\u0131nda de\u011ferlendirmede bulunan Burdur Ticaret Borsas\u0131 Ba\u015fkan\u0131 \u00d6mer Faruk G\u00fcnd\u00fczalp, \u201cAral\u0131k ay\u0131nda bir \u00f6nceki y\u0131l\u0131n ayn\u0131 ay\u0131na g\u00f6re toplanan inek s\u00fct\u00fc miktar\u0131 y\u00fczde 1,6 artt\u0131. 2021 Ocak-Aral\u0131k d\u00f6neminde ise bir \u00f6nceki y\u0131l\u0131n ayn\u0131 d\u00f6nemine g\u00f6re y\u00fczde 2,1 y\u00fckseldi. Aral\u0131k ay\u0131nda bir \u00f6nceki y\u0131l\u0131n ayn\u0131 ay\u0131na g\u00f6re ticari s\u00fct i\u015fletmeleri taraf\u0131ndan yap\u0131lan i\u00e7me s\u00fct\u00fc \u00fcretimi y\u00fczde 10,2 azalarak 126 bin 633 ton, 2021 Ocak-Aral\u0131k d\u00f6neminde bir \u00f6nceki y\u0131l\u0131n ayn\u0131 d\u00f6nemine g\u00f6re i\u00e7me s\u00fct\u00fc \u00fcretimi y\u00fczde 5,6 azalarak 1 milyon 523 bin 175 ton olarak ger\u00e7ekle\u015fti\u201d dedi.<\/p>\n<p>PEYN\u0130R \u00dcRET\u0130M\u0130 18 AZALDI<\/p>\n<p>Aral\u0131k ay\u0131nda bir \u00f6nceki y\u0131l\u0131n ayn\u0131 ay\u0131na g\u00f6re ticari s\u00fct i\u015fletmeleri taraf\u0131ndan yap\u0131lan yo\u011furt \u00fcretiminin y\u00fczde 2,4 azalarak 87 bin 718 tona, 2021 Ocak-Aral\u0131k d\u00f6neminde ise bir \u00f6nceki y\u0131l\u0131n ayn\u0131 d\u00f6nemine g\u00f6re y\u00fczde 1,1 artarak 1 milyon 125 bin 958 ton olarak ger\u00e7ekle\u015fti\u011fini aktaran G\u00fcnd\u00fczalp, \u201cAral\u0131k ay\u0131nda bir \u00f6nceki y\u0131l\u0131n ayn\u0131 ay\u0131na g\u00f6re, ayran \u00fcretimi y\u00fczde 41,9, tereya\u011f\u0131 \u00fcretimi y\u00fczde 23,9 artarken; inek peyniri \u00fcretimi y\u00fczde 5, kaymak \u00fcretimi y\u00fczde 16,5, di\u011fer peynirlerin (koyun, ke\u00e7i, manda ve kar\u0131\u015f\u0131k s\u00fctlerden elde edilen peynir \u00e7e\u015fitleri) \u00fcretimi ise y\u00fczde 18 azald\u0131\u201d \u015feklinde konu\u015ftu.<\/p>\n<p>YUMURTA \u00dcRET\u0130M\u0130 3,8 AZALDI<\/p>\n<p>T\u00dc\u0130K\u2019in a\u00e7\u0131klad\u0131\u011f\u0131 k\u00fcmes hayvanc\u0131l\u0131\u011f\u0131 verilerine g\u00f6re, 2021\u2019de \u00f6nceki y\u0131la g\u00f6re tavuk eti \u00fcretimi y\u00fczde 5,1, kesilen tavuk say\u0131s\u0131 y\u00fczde 3,6, tavuk yumurtas\u0131 \u00fcretimi y\u00fczde 2,5, hindi eti \u00fcretiminin ise y\u00fczde 11,9 azald\u0131 azald\u0131\u011f\u0131na dikkat \u00e7eken G\u00fcnd\u00fczalp, \u201cAral\u0131k ay\u0131nda bir \u00f6nceki y\u0131l\u0131n ayn\u0131 ay\u0131na g\u00f6re hindi eti \u00fcretimi y\u00fczde 21,6, kesilen tavuk say\u0131s\u0131 y\u00fczde 15,3, tavuk eti \u00fcretimi y\u00fczde 13,7 artarken tavuk yumurtas\u0131 \u00fcretimi y\u00fczde 3,8 azald\u0131\u201d dedi.<\/p>\n<p>KDV \u0130ND\u0130R\u0130M\u0130N\u0130N OLUMLU YANSIMASINI BEKL\u0130YORUZ<\/p>\n<p>S\u00fct \u00fcr\u00fcnlerindeki d\u00fc\u015f\u00fc\u015f\u00fcn, hayvanc\u0131l\u0131kta ya\u015fanan sorunlardan kaynakland\u0131\u011f\u0131n\u0131 aktaran G\u00fcnd\u00fczalp, \u201c\u00dcretimde ya\u015fanan y\u00fcksek girdi maliyetleri nedeniyle, s\u00fct \u00fcreticileri sekt\u00f6rden \u00e7ekilmeye ba\u015flad\u0131. \u00dcreticilerimiz, hayvanlar\u0131na yem almakta zorlan\u0131yor. Yem\/s\u00fct paritesindeki denge sa\u011flanamad\u0131. Bundan dolay\u0131 da s\u00fct inekleri kesime gidiyor. Rakamlardaki d\u00fc\u015f\u00fc\u015flerin ya\u015fanaca\u011f\u0131 \u00e7ok \u00f6nceden belliydi. Tar\u0131m ve Orman Bakanl\u0131\u011f\u0131 \u015fu anki uygulad\u0131\u011f\u0131 politikadan vazge\u00e7meli. Bir tarafta \u00fcretici maliyetleri di\u011fer tarafta insan\u0131m\u0131z\u0131n al\u0131m g\u00fcc\u00fcn\u00fcn d\u00fc\u015fmesi, s\u00fct \u00fcr\u00fcnleri \u00fcretimindeki rakamlar\u0131 ve fiyatlar\u0131 etkiliyor. \u00dcreticimiz, s\u00fct fiyatlar\u0131n\u0131 belirleyemiyor, her ge\u00e7en g\u00fcn artan girdi maliyetlerini, fiyatlar\u0131na yans\u0131tam\u0131yor. Hep s\u00f6yledi\u011fimiz gibi, Bakanl\u0131\u011f\u0131n artan girdi maliyetlerine kar\u015f\u0131 \u00e7\u00f6z\u00fcm geli\u015ftirmeli. \u00d6zellikle \u00fcretici ve sanayicimizin kulland\u0131\u011f\u0131 mazot ve elektrik fiyat\u0131nda indirim sa\u011flanmal\u0131. Di\u011fer taraftan, temel g\u0131da \u00fcr\u00fcnlerindeki y\u00fczde 8\u2019lik KDV oran\u0131n\u0131n y\u00fczde 1\u2019e indirilmesinin, market fiyatlar\u0131na ve dolay\u0131s\u0131yla halk\u0131m\u0131za olumlu olarak yans\u0131yaca\u011f\u0131n\u0131 tahmin ediyoruz \u201d ifadelerini kulland\u0131.<\/p>\n","protected":false},"excerpt":{"rendered":"<p>Burdur Ticaret Borsas\u0131 (BTB) Y\u00f6netim Kurulu Ba\u015fkan\u0131 Veteriner Hekim \u00d6mer Faruk G\u00fcnd\u00fczalp, T\u00fcrkiye \u0130statistik Kurumu (T\u00dc\u0130K) taraf\u0131ndan a\u00e7\u0131klanan 2020-2021 y\u0131llar\u0131na ili\u015fkin s\u00fct \u00fcr\u00fcnleri \u00fcretim rakamlar\u0131 hakk\u0131nda bilgi verdi. A\u00e7\u0131klanan verilerine g\u00f6re, 2021 Aral\u0131k\u2019ta bir \u00f6nceki y\u0131l\u0131n ayn\u0131 ay\u0131na g\u00f6re i\u00e7me s\u00fct\u00fc \u00fcretimi y\u00fczde 10,2 azalarak 126 bin 633 tona, ayn\u0131 d\u00f6nemde peynir \u00fcretimindeki d\u00fc\u015f\u00fc\u015f\u00fcn ise [&hellip;]<\/p>\n","protected":false},"author":8,"featured_media":4410,"comment_status":"open","ping_status":"open","sticky":false,"template":"","format":"standard","meta":{"footnotes":""},"categories":[142],"tags":[],"class_list":["post-5121","post","type-post","status-publish","format-standard","has-post-thumbnail","hentry","category-haberler"],"_links":{"self":[{"href":"https:\/\/www.burdurtb.org.tr\/tr\/wp-json\/wp\/v2\/posts\/5121","targetHints":{"allow":["GET"]}}],"collection":[{"href":"https:\/\/www.burdurtb.org.tr\/tr\/wp-json\/wp\/v2\/posts"}],"about":[{"href":"https:\/\/www.burdurtb.org.tr\/tr\/wp-json\/wp\/v2\/types\/post"}],"author":[{"embeddable":true,"href":"https:\/\/www.burdurtb.org.tr\/tr\/wp-json\/wp\/v2\/users\/8"}],"replies":[{"embeddable":true,"href":"https:\/\/www.burdurtb.org.tr\/tr\/wp-json\/wp\/v2\/comments?post=5121"}],"version-history":[{"count":1,"href":"https:\/\/www.burdurtb.org.tr\/tr\/wp-json\/wp\/v2\/posts\/5121\/revisions"}],"predecessor-version":[{"id":5122,"href":"https:\/\/www.burdurtb.org.tr\/tr\/wp-json\/wp\/v2\/posts\/5121\/revisions\/5122"}],"wp:featuredmedia":[{"embeddable":true,"href":"https:\/\/www.burdurtb.org.tr\/tr\/wp-json\/wp\/v2\/media\/4410"}],"wp:attachment":[{"href":"https:\/\/www.burdurtb.org.tr\/tr\/wp-json\/wp\/v2\/media?parent=5121"}],"wp:term":[{"taxonomy":"category","embeddable":true,"href":"https:\/\/www.burdurtb.org.tr\/tr\/wp-json\/wp\/v2\/categories?post=5121"},{"taxonomy":"post_tag","embeddable":true,"href":"https:\/\/www.burdurtb.org.tr\/tr\/wp-json\/wp\/v2\/tags?post=5121"}],"curies":[{"name":"wp","href":"https:\/\/api.w.org\/{rel}","templated":true}]}}