{"id":8554,"date":"2026-03-12T08:07:50","date_gmt":"2026-03-12T08:07:50","guid":{"rendered":"https:\/\/www.burdurtb.org.tr\/tr\/?p=8554"},"modified":"2026-03-12T08:07:50","modified_gmt":"2026-03-12T08:07:50","slug":"baskan-gunduzalp-meralar-azaldikca-maliyetler-artiyor","status":"publish","type":"post","link":"https:\/\/www.burdurtb.org.tr\/tr\/2026\/03\/12\/baskan-gunduzalp-meralar-azaldikca-maliyetler-artiyor\/","title":{"rendered":"Ba\u015fkan G\u00fcnd\u00fczalp: Meralar azald\u0131k\u00e7a maliyetler art\u0131yor"},"content":{"rendered":"<p class=\"p3\">FAO<span class=\"s1\">\u2019<\/span>nun 2026<span class=\"s1\">\u2019<\/span>y\u0131 \u201cMera ve \u00c7obanlar Y\u0131l\u0131\u201d ilan etmesini de\u011ferlendiren G\u00fcnd\u00fczalp, &#8220;Burdur\u2019da son 50 y\u0131lda mera ve \u00e7ay\u0131r alan\u0131 ortalama %90 oran\u0131nda geriledi. Meralara \u00f6nem verilmedik\u00e7e yemde d\u0131\u015fa ba\u011f\u0131ml\u0131l\u0131k s\u00fcrer ve bunun g\u0131da fiyatlar\u0131na yans\u0131mas\u0131 devam eder.\u201d dedi.<\/p>\n<p class=\"p5\">Birle\u015fmi\u015f Milletler G\u0131da ve Tar\u0131m \u00d6rg\u00fct\u00fc\u2019n\u00fcn (FAO), meralar\u0131n ve \u00e7obanlar\u0131n s\u00fcrd\u00fcr\u00fclebilir g\u0131da \u00fcretimi, ekosistemlerin korunmas\u0131 ile iklim de\u011fi\u015fikli\u011finin azalt\u0131m\u0131 ve uyumundaki hayati rol\u00fcne dikkat \u00e7ekmek amac\u0131yla 2026 y\u0131l\u0131n\u0131 \u201cMera ve \u00c7obanlar Y\u0131l\u0131\u201d ilan etmesini de\u011ferlendiren Burdur Ticaret Borsas\u0131 Y\u00f6netim Kurulu Ba\u015fkan\u0131 Veteriner Hekim \u00d6mer Faruk G\u00fcnd\u00fczalp, T\u00fcrkiye<span class=\"s2\">\u2019<\/span>de son 50 y\u0131lda mera ve \u00e7ay\u0131r alanlar\u0131n\u0131n 22 milyon hektardan 13 milyon hektara, Burdur<span class=\"s2\">\u2019<\/span>da ise 99 bin hektardan %90 kay\u0131pla 9 bin 430 hektara geriledi\u011fini payla\u015ft\u0131. \u00c7obanl\u0131\u011f\u0131n ise b\u00fcy\u00fck \u00f6l\u00e7\u00fcde g\u00f6\u00e7men i\u015f\u00e7ilere kald\u0131\u011f\u0131n\u0131 hat\u0131rlatan G\u00fcnd\u00fczalp, \u201cHayvanc\u0131l\u0131\u011f\u0131n iki temel ihtiyac\u0131 vard\u0131r: yem ve \u00e7oban. Meralar\u0131m\u0131z h\u0131zla yok oluyor, yemimiz ithal ediliyor, hayvanlar\u0131m\u0131z ise g\u00f6\u00e7menlere teslim ediliyor. Bu tablo uzun vadede milli bir kriz yaratacakt\u0131r.\u201d dedi.<\/p>\n<p class=\"p5\"><b>Mera \u0131slah\u0131 ulusal g\u00fcvenli\u011finin bir par\u00e7as\u0131d\u0131r<\/b><\/p>\n<p class=\"p5\">Hayvanc\u0131l\u0131\u011f\u0131n yo\u011fun oldu\u011fu ve yem bitkisi ihtiyac\u0131n\u0131n y\u00fcksek oldu\u011fu Burdur gibi illerde meralar\u0131n \u00fcretimin s\u00fcrd\u00fcr\u00fclebilirli\u011fi a\u00e7\u0131s\u0131ndan hayati \u00f6neme sahip oldu\u011funu vurgulayan G\u00fcnd\u00fczalp, <span class=\"s2\">\u201c<\/span>Meralar, hayvanc\u0131l\u0131\u011f\u0131n en do\u011fal ve en d\u00fc\u015f\u00fck maliyetli yem kayna\u011f\u0131d\u0131r. Bu nedenle mera varl\u0131\u011f\u0131n\u0131n korunmas\u0131 ve \u0131slah edilmesi sadece hayvanc\u0131l\u0131k a\u00e7\u0131s\u0131ndan de\u011fil, ayn\u0131 zamanda ulusal g\u0131da g\u00fcvenli\u011fi a\u00e7\u0131s\u0131ndan da stratejik bir konudur. Mera \u0131slah\u0131 ulusal g\u0131da g\u00fcvenli\u011finin ayr\u0131lmaz bir par\u00e7as\u0131 olarak de\u011ferlendirilmedi\u011fi s\u00fcrece yemde d\u0131\u015fa ba\u011f\u0131ml\u0131l\u0131\u011f\u0131m\u0131z devam edecektir. \u00dclke olarak her y\u0131l sadece hayvan yemi i\u00e7in ortalama 5 milyar dolarl\u0131k ithalat yap\u0131yoruz; 2025 y\u0131l\u0131nda ise bu rakam 5,7 milyar dolara y\u00fckselmi\u015ftir.\u201d dedi.<\/p>\n<p class=\"p5\">Meralar\u0131n \u0131slah edilerek verimli otlak alanlar\u0131na d\u00f6n\u00fc\u015ft\u00fcr\u00fclmesinin hayvanc\u0131l\u0131k maliyetleri \u00fczerinde do\u011frudan etkili oldu\u011funa dikkat \u00e7eken G\u00fcnd\u00fczalp, <span class=\"s2\">\u201c<\/span>Mera \u0131slah\u0131 yap\u0131lmad\u0131k\u00e7a ve verimli otlak alanlar\u0131 olu\u015fturulmad\u0131k\u00e7a hayvanc\u0131l\u0131kta girdi maliyetleri artmaya devam edecektir. Artan yem maliyetleri ise zincirleme \u015fekilde \u00fcretim maliyetlerine, oradan da g\u0131da fiyatlar\u0131na yans\u0131makta ve t\u00fcketiciyi do\u011frudan etkilemektedir.\u201d ifadelerini kulland\u0131.<\/p>\n<p class=\"p5\">Meralar\u0131n sadece hayvanlar\u0131n beslenme alan\u0131 olmad\u0131\u011f\u0131n\u0131, ayn\u0131 zamanda biyolojik \u00e7e\u015fitlili\u011fin korunmas\u0131, toprak sa\u011fl\u0131\u011f\u0131n\u0131n s\u00fcrd\u00fcr\u00fclmesi ve k\u0131rsal ekonominin devaml\u0131l\u0131\u011f\u0131 a\u00e7\u0131s\u0131ndan hayati \u00f6neme sahip ekosistemler oldu\u011funu vurgulayan Ba\u015fkan G\u00fcnd\u00fczalp, <span class=\"s2\">\u201c<\/span>Resmi verilere g\u00f6re T\u00fcrkiye<span class=\"s2\">\u2019<\/span>de son 50 y\u0131lda mera ve \u00e7ay\u0131r alanlar\u0131 22 milyon hektardan 13 milyon hektara, Burdur<span class=\"s2\">\u2019<\/span>da ise 99 bin hektar olan mera alan\u0131 9 bin 430 hektara geriledi. Ayr\u0131ca hem \u00fclkemizde hem de ilimizde meralar\u0131n ortalama y\u00fczde 12<span class=\"s2\">\u2019<\/span>si yeterli ve kaliteli yem \u00fcretebilecek durumda. Kalan y\u00fczde 88<span class=\"s2\">\u2019<\/span>lik alanda otlayan hayvanlar ise ihtiya\u00e7 duyduklar\u0131 verimi alam\u0131yor. Ayr\u0131ca moloz at\u0131klar\u0131 ba\u015fta olmak \u00fczere \u00e7\u00f6pl\u00fck gibi kullan\u0131lan meralar\u0131n ne yaz\u0131k ki ilimizde de oldu\u011funu duyuyoruz. Son y\u0131llarda Tar\u0131m ve Orman Bakanl\u0131\u011f\u0131m\u0131z ile il m\u00fcd\u00fcrl\u00fcklerimiz taraf\u0131ndan mera ve \u00e7ay\u0131r alanlar\u0131nda \u0131slah \u00e7al\u0131\u015fmalar\u0131 y\u00fcr\u00fct\u00fcl\u00fcyor olsa da mevcut \u00e7al\u0131\u015fmalar ne yaz\u0131k ki hen\u00fcz yeterli seviyeye ula\u015fm\u0131\u015f de\u011fil.\u201d dedi.<\/p>\n<p class=\"p5\"><b>K\u00fc\u00e7\u00fckba\u015f hayvanc\u0131l\u0131\u011fa destek s\u00fcrmeli<\/b><\/p>\n<p class=\"p5\">Cumhurba\u015fkan\u0131 Recep Tayyip Erdo\u011fan taraf\u0131ndan k\u0131rsalda \u00fcretimi g\u00fc\u00e7lendirmek, aile i\u015fletmelerini b\u00fcy\u00fctmek ve meraya dayal\u0131 \u00fcretimi daha k\u00e2rl\u0131 hale getirmek amac\u0131yla ge\u00e7ti\u011fimiz ay a\u00e7\u0131klanan \u201cK\u0131rsalda Bereket K\u00fc\u00e7\u00fckba\u015f Hayvanc\u0131l\u0131\u011fa Destek Projesi\u201dnin \u00f6nemine dikkat \u00e7eken Burdur Ticaret Borsas\u0131 Ba\u015fkan\u0131 \u00d6mer Faruk G\u00fcnd\u00fczalp, <span class=\"s2\">\u201c<\/span>S\u00fcrd\u00fcr\u00fclebilir hayvanc\u0131l\u0131k uygulamalar\u0131n\u0131n geli\u015ftirilmesi a\u00e7\u0131s\u0131ndan Cumhurba\u015fkan\u0131m\u0131z Say\u0131n Erdo\u011fan\u2019\u0131n a\u00e7\u0131klad\u0131\u011f\u0131 projeyi \u00f6nemsiyoruz. Teke Y\u00f6resinin k\u00fclt\u00fcr ba\u015fkenti Burdur<span class=\"s2\">\u2019<\/span>un bu projeden en \u00e7ok faydalanan \u015fehirlerden biri olmas\u0131n\u0131 temenni ediyoruz. Meralar\u0131n korunmas\u0131, k\u0131rsal ya\u015fam\u0131n g\u00fc\u00e7lendirilmesi ve hayvanc\u0131l\u0131k sekt\u00f6r\u00fcn\u00fcn s\u00fcrd\u00fcr\u00fclebilir bir yap\u0131ya kavu\u015fturulmas\u0131 i\u00e7in b\u00fct\u00fcnc\u00fcl politikalar\u0131n hayata ge\u00e7irilmesini bekliyor, meralar\u0131n k\u0131rsal ekonominin ve do\u011fal ekosistemlerin temel dayanaklar\u0131ndan biri olarak gelece\u011fin tar\u0131m politikalar\u0131nda \u00f6nemli bir yer tutaca\u011f\u0131na inan\u0131yoruz.\u201d dedi.<\/p>\n<p class=\"p6\">\u00c7obanl\u0131\u011f\u0131n, insanl\u0131k tarihinin en k\u00f6kl\u00fc mesleklerinden birisi olmas\u0131na ra\u011fmen k\u0131rsalda azalan ve ya\u015flanan n\u00fcfus, \u00e7obanl\u0131k mesle\u011finin toplumda k\u00fc\u00e7\u00fcmsenmesi gibi sebeplerle g\u00f6\u00e7menlerin kontrol\u00fcne ge\u00e7ti\u011fini belirten G\u00fcnd\u00fczalp, k\u00fc\u00e7\u00fckba\u015f hayvanc\u0131l\u0131kta en temel ihtiya\u00e7lar\u0131n\u0131n \u00e7oban ve mera alanlar\u0131 oldu\u011funu vurgulayarak, <span class=\"s2\">\u201c<\/span>Bu iki ihtiyac\u0131n kar\u015f\u0131lanamad\u0131\u011f\u0131 s\u00fcrece \u00e7obanl\u0131k mesle\u011fi g\u00f6\u00e7menlerin kontrol\u00fcnde devam etmek zorunda kalacak ve bu durum uzun vadede ka\u00e7\u0131n\u0131lmaz sorunlar do\u011furacakt\u0131r.\u201d diyerek, uyar\u0131lar\u0131n\u0131 payla\u015ft\u0131.<\/p>\n","protected":false},"excerpt":{"rendered":"<p>FAO\u2019nun 2026\u2019y\u0131 \u201cMera ve \u00c7obanlar Y\u0131l\u0131\u201d ilan etmesini de\u011ferlendiren G\u00fcnd\u00fczalp, &#8220;Burdur\u2019da son 50 y\u0131lda mera ve \u00e7ay\u0131r alan\u0131 ortalama %90 oran\u0131nda geriledi. Meralara \u00f6nem verilmedik\u00e7e yemde d\u0131\u015fa ba\u011f\u0131ml\u0131l\u0131k s\u00fcrer ve bunun g\u0131da fiyatlar\u0131na yans\u0131mas\u0131 devam eder.\u201d dedi. Birle\u015fmi\u015f Milletler G\u0131da ve Tar\u0131m \u00d6rg\u00fct\u00fc\u2019n\u00fcn (FAO), meralar\u0131n ve \u00e7obanlar\u0131n s\u00fcrd\u00fcr\u00fclebilir g\u0131da \u00fcretimi, ekosistemlerin korunmas\u0131 ile iklim de\u011fi\u015fikli\u011finin [&hellip;]<\/p>\n","protected":false},"author":10,"featured_media":8555,"comment_status":"open","ping_status":"open","sticky":false,"template":"","format":"standard","meta":{"footnotes":""},"categories":[142],"tags":[],"class_list":["post-8554","post","type-post","status-publish","format-standard","has-post-thumbnail","hentry","category-haberler"],"_links":{"self":[{"href":"https:\/\/www.burdurtb.org.tr\/tr\/wp-json\/wp\/v2\/posts\/8554","targetHints":{"allow":["GET"]}}],"collection":[{"href":"https:\/\/www.burdurtb.org.tr\/tr\/wp-json\/wp\/v2\/posts"}],"about":[{"href":"https:\/\/www.burdurtb.org.tr\/tr\/wp-json\/wp\/v2\/types\/post"}],"author":[{"embeddable":true,"href":"https:\/\/www.burdurtb.org.tr\/tr\/wp-json\/wp\/v2\/users\/10"}],"replies":[{"embeddable":true,"href":"https:\/\/www.burdurtb.org.tr\/tr\/wp-json\/wp\/v2\/comments?post=8554"}],"version-history":[{"count":1,"href":"https:\/\/www.burdurtb.org.tr\/tr\/wp-json\/wp\/v2\/posts\/8554\/revisions"}],"predecessor-version":[{"id":8556,"href":"https:\/\/www.burdurtb.org.tr\/tr\/wp-json\/wp\/v2\/posts\/8554\/revisions\/8556"}],"wp:featuredmedia":[{"embeddable":true,"href":"https:\/\/www.burdurtb.org.tr\/tr\/wp-json\/wp\/v2\/media\/8555"}],"wp:attachment":[{"href":"https:\/\/www.burdurtb.org.tr\/tr\/wp-json\/wp\/v2\/media?parent=8554"}],"wp:term":[{"taxonomy":"category","embeddable":true,"href":"https:\/\/www.burdurtb.org.tr\/tr\/wp-json\/wp\/v2\/categories?post=8554"},{"taxonomy":"post_tag","embeddable":true,"href":"https:\/\/www.burdurtb.org.tr\/tr\/wp-json\/wp\/v2\/tags?post=8554"}],"curies":[{"name":"wp","href":"https:\/\/api.w.org\/{rel}","templated":true}]}}