{"id":8689,"date":"2026-04-20T06:40:31","date_gmt":"2026-04-20T06:40:31","guid":{"rendered":"https:\/\/www.burdurtb.org.tr\/tr\/?p=8689"},"modified":"2026-04-28T07:41:58","modified_gmt":"2026-04-28T07:41:58","slug":"burdurun-yoresel-degerleri-yorexte-gorucuye-cikiyor","status":"publish","type":"post","link":"https:\/\/www.burdurtb.org.tr\/tr\/2026\/04\/20\/burdurun-yoresel-degerleri-yorexte-gorucuye-cikiyor\/","title":{"rendered":"Burdur\u2019un Y\u00f6resel De\u011ferleri Y\u00d6REX\u2019te G\u00f6r\u00fcc\u00fcye \u00c7\u0131k\u0131yor"},"content":{"rendered":"<p>Burdur Ticaret Borsas\u0131 (BTB) ile Burdur Ticaret ve Sanayi Odas\u0131 (BUTSO), 22 Nisan\u2019da ba\u015flayacak Y\u00d6REX Y\u00f6resel \u00dcr\u00fcnler Fuar\u0131\u2019nda kuracaklar\u0131 ortak stant ile \u015fehrin k\u00fclt\u00fcrel ve ekonomik de\u011ferlerini tan\u0131tacaklar.<\/p>\n<p>Antalya Ticaret Borsas\u0131 \u00f6nc\u00fcl\u00fc\u011f\u00fcnde, T\u00fcrkiye Odalar ve Borsalar Birli\u011fi\u2019nin (TOBB) deste\u011fiyle bu y\u0131l 17. kez kap\u0131lar\u0131n\u0131 a\u00e7acak olan Y\u00f6resel \u00dcr\u00fcnler Fuar\u0131 (Y\u00d6REX), 22 Nisan \u00c7ar\u015famba g\u00fcn\u00fc ba\u015fl\u0131yor. 26 Nisan\u2019a kadar devam edecek olan fuarda, Anadolu\u2019nun d\u00f6rt bir yan\u0131ndan gelen e\u015fsiz lezzetler ve k\u00fclt\u00fcrel miraslar sergilenecek.<\/p>\n<p><b>\u015eehrin \u00dcretim G\u00fcc\u00fc Ortak Stantta Sergilenecek<\/b><\/p>\n<p>Burdur Ticaret Borsas\u0131 Y\u00f6netim Kurulu Ba\u015fkan\u0131 \u00d6mer Faruk G\u00fcnd\u00fczalp, konuya ili\u015fkin yapt\u0131\u011f\u0131 a\u00e7\u0131klamada, \u201cBurdur Ticaret Borsam\u0131z ile Burdur Ticaret ve Sanayi Odam\u0131z i\u015f birli\u011fiyle haz\u0131rlanan ortak stantta, Burdur\u2019un markala\u015fan yerel \u00fcr\u00fcnlerini vitrine \u00e7\u0131karaca\u011f\u0131z. Topraklar\u0131m\u0131zda katma de\u011fere d\u00f6n\u00fc\u015fen \u00fcr\u00fcnlerimizi tan\u0131t\u0131p, \u00fcyemiz olan firmalar arac\u0131l\u0131\u011f\u0131yla do\u011frudan sat\u0131\u015f imkan\u0131 da sunaca\u011f\u0131z. Memleketimizin bereketli topraklar\u0131ndan do\u011fan emek, lezzet ve k\u00f6kl\u00fc \u00fcretim k\u00fclt\u00fcr\u00fcn\u00fc, Y\u00d6REX arac\u0131l\u0131\u011f\u0131yla Antalya\u2019ya ta\u015f\u0131yaca\u011f\u0131z.\u201d dedi.<\/p>\n<p><b>Ba\u015fkan G\u00fcnd\u00fczalp\u2019ten Davet<\/b><\/p>\n<p>T\u00fcm Antalyal\u0131lar\u0131 ve b\u00f6lgede ya\u015fayan Burdurlular\u0131 standa davet eden Ba\u015fkan G\u00fcnd\u00fczalp, &#8220;Ha\u015fha\u015f helvam\u0131zdan ceviz ezmemize, g\u00fcl ve lavanta \u00fcr\u00fcnlerimizden hayvanc\u0131l\u0131\u011f\u0131m\u0131z\u0131n simgesi s\u00fct ve yo\u011furdumuza kadar t\u00fcm bereketimizi Antalya ANFA\u015e Fuar Alan\u0131\u2019na ta\u015f\u0131yoruz. \u00d6zellikle kad\u0131n \u00fcreticilerimizin eme\u011fini \u00f6n plana \u00e7\u0131karaca\u011f\u0131m\u0131z bu organizasyonda, t\u00fcm hem\u015fehrilerimizi ve Antalyal\u0131 dostlar\u0131m\u0131z\u0131 Burdur stand\u0131n\u0131n s\u0131cakl\u0131\u011f\u0131nda bulu\u015fmaya bekliyoruz.\u201d dedi.<\/p>\n<p>&nbsp;<\/p>\n<p><img loading=\"lazy\" decoding=\"async\" class=\"alignnone size-medium wp-image-8690\" src=\"https:\/\/www.burdurtb.org.tr\/tr\/wp-content\/uploads\/2026\/04\/btb-yorex-640x800.jpg\" alt=\"\" width=\"640\" height=\"800\" srcset=\"https:\/\/www.burdurtb.org.tr\/tr\/wp-content\/uploads\/2026\/04\/btb-yorex-640x800.jpg 640w, https:\/\/www.burdurtb.org.tr\/tr\/wp-content\/uploads\/2026\/04\/btb-yorex-1280x1601.jpg 1280w, https:\/\/www.burdurtb.org.tr\/tr\/wp-content\/uploads\/2026\/04\/btb-yorex-1024x1280.jpg 1024w, https:\/\/www.burdurtb.org.tr\/tr\/wp-content\/uploads\/2026\/04\/btb-yorex-1228x1536.jpg 1228w, https:\/\/www.burdurtb.org.tr\/tr\/wp-content\/uploads\/2026\/04\/btb-yorex-1638x2048.jpg 1638w, https:\/\/www.burdurtb.org.tr\/tr\/wp-content\/uploads\/2026\/04\/btb-yorex-320x400.jpg 320w, https:\/\/www.burdurtb.org.tr\/tr\/wp-content\/uploads\/2026\/04\/btb-yorex-scaled.jpg 2047w\" sizes=\"auto, (max-width: 640px) 100vw, 640px\" \/><\/p>\n<p>&nbsp;<\/p>\n","protected":false},"excerpt":{"rendered":"<p>Burdur Ticaret Borsas\u0131 (BTB) ile Burdur Ticaret ve Sanayi Odas\u0131 (BUTSO), 22 Nisan\u2019da ba\u015flayacak Y\u00d6REX Y\u00f6resel \u00dcr\u00fcnler Fuar\u0131\u2019nda kuracaklar\u0131 ortak stant ile \u015fehrin k\u00fclt\u00fcrel ve ekonomik de\u011ferlerini tan\u0131tacaklar. Antalya Ticaret Borsas\u0131 \u00f6nc\u00fcl\u00fc\u011f\u00fcnde, T\u00fcrkiye Odalar ve Borsalar Birli\u011fi\u2019nin (TOBB) deste\u011fiyle bu y\u0131l 17. kez kap\u0131lar\u0131n\u0131 a\u00e7acak olan Y\u00f6resel \u00dcr\u00fcnler Fuar\u0131 (Y\u00d6REX), 22 Nisan \u00c7ar\u015famba g\u00fcn\u00fc ba\u015fl\u0131yor. [&hellip;]<\/p>\n","protected":false},"author":10,"featured_media":5260,"comment_status":"open","ping_status":"open","sticky":false,"template":"","format":"standard","meta":{"footnotes":""},"categories":[142],"tags":[],"class_list":["post-8689","post","type-post","status-publish","format-standard","has-post-thumbnail","hentry","category-haberler"],"_links":{"self":[{"href":"https:\/\/www.burdurtb.org.tr\/tr\/wp-json\/wp\/v2\/posts\/8689","targetHints":{"allow":["GET"]}}],"collection":[{"href":"https:\/\/www.burdurtb.org.tr\/tr\/wp-json\/wp\/v2\/posts"}],"about":[{"href":"https:\/\/www.burdurtb.org.tr\/tr\/wp-json\/wp\/v2\/types\/post"}],"author":[{"embeddable":true,"href":"https:\/\/www.burdurtb.org.tr\/tr\/wp-json\/wp\/v2\/users\/10"}],"replies":[{"embeddable":true,"href":"https:\/\/www.burdurtb.org.tr\/tr\/wp-json\/wp\/v2\/comments?post=8689"}],"version-history":[{"count":1,"href":"https:\/\/www.burdurtb.org.tr\/tr\/wp-json\/wp\/v2\/posts\/8689\/revisions"}],"predecessor-version":[{"id":8691,"href":"https:\/\/www.burdurtb.org.tr\/tr\/wp-json\/wp\/v2\/posts\/8689\/revisions\/8691"}],"wp:featuredmedia":[{"embeddable":true,"href":"https:\/\/www.burdurtb.org.tr\/tr\/wp-json\/wp\/v2\/media\/5260"}],"wp:attachment":[{"href":"https:\/\/www.burdurtb.org.tr\/tr\/wp-json\/wp\/v2\/media?parent=8689"}],"wp:term":[{"taxonomy":"category","embeddable":true,"href":"https:\/\/www.burdurtb.org.tr\/tr\/wp-json\/wp\/v2\/categories?post=8689"},{"taxonomy":"post_tag","embeddable":true,"href":"https:\/\/www.burdurtb.org.tr\/tr\/wp-json\/wp\/v2\/tags?post=8689"}],"curies":[{"name":"wp","href":"https:\/\/api.w.org\/{rel}","templated":true}]}}