{"id":8692,"date":"2026-04-19T07:42:11","date_gmt":"2026-04-19T07:42:11","guid":{"rendered":"https:\/\/www.burdurtb.org.tr\/tr\/?p=8692"},"modified":"2026-04-28T07:45:23","modified_gmt":"2026-04-28T07:45:23","slug":"anasonda-yasanan-sorunlari-tek-tek-cozuyoruz","status":"publish","type":"post","link":"https:\/\/www.burdurtb.org.tr\/tr\/2026\/04\/19\/anasonda-yasanan-sorunlari-tek-tek-cozuyoruz\/","title":{"rendered":"Anason&#8217;da ya\u015fanan sorunlar\u0131 tek tek \u00e7\u00f6z\u00fcyoruz!"},"content":{"rendered":"<p>Anason\u2019da ya\u015fanan sorunlar\u0131n \u00e7\u00f6z\u00fcm\u00fc i\u00e7in Ankara temaslar\u0131n\u0131 s\u00fcrd\u00fcren BTB Ba\u015fkan\u0131 G\u00fcnd\u00fczalp, \u201c\u00dcreticimizi koruyacak, ticaretimizi g\u00fc\u00e7lendirecek ve anasonumuzu yeniden hak etti\u011fi noktaya ta\u015f\u0131yacak ad\u0131mlar\u0131 kararl\u0131l\u0131kla at\u0131yoruz.\u201d dedi.<\/p>\n<p>Burdur Ticaret Borsas\u0131 Y\u00f6netim Kurulu Ba\u015fkan\u0131 \u00d6mer Faruk G\u00fcnd\u00fczalp, T\u00fcrkiye\u2019de \u00fcretiminin ve ticaretinin b\u00fcy\u00fck b\u00f6l\u00fcm\u00fcn\u00fc \u00fcstlendi\u011fimiz anason sekt\u00f6r\u00fcnde ya\u015fanan sorunlar\u0131n \u00e7\u00f6z\u00fcm\u00fc ad\u0131na \u00f6nemli bir ad\u0131m daha att\u0131.<\/p>\n<p>Bir y\u0131l\u0131 a\u015fk\u0131n s\u00fcredir anason \u00fcretimi ve ticaretinde ya\u015fanan sorunlar\u0131n \u00e7\u00f6z\u00fcm\u00fc i\u00e7in Ankara temaslar\u0131n\u0131 s\u00fcrd\u00fcren Ba\u015fkan G\u00fcnd\u00fczalp; TBMM Tar\u0131m, Orman ve K\u00f6y \u0130\u015fleri Komisyonu S\u00f6zc\u00fcs\u00fc Burdur Milletvekili Prof.Dr. Adem Korkmaz ve BTB \u00fcyeleri ile birlikte, T\u00fct\u00fcn ve Alkol Daire Ba\u015fkanl\u0131\u011f\u0131\u2019nda, Tar\u0131m ve Orman Bakanl\u0131\u011f\u0131 ile Ticaret Bakanl\u0131\u011f\u0131 b\u00fcrokratlar\u0131yla ayn\u0131 masa etraf\u0131nda bir araya geldi.<\/p>\n<p>Toplant\u0131ya ili\u015fkin de\u011ferlendirmelerde bulunan Ba\u015fkan G\u00fcnd\u00fczalp, Burdur\u2019un \u00fcretim k\u00fclt\u00fcr\u00fcn\u00fcn simgelerinden biri olan anasonun yeniden y\u00fckseli\u015fe ge\u00e7mesi i\u00e7in yo\u011fun \u00e7aba sarf ettiklerini belirterek \u015fu ifadeleri kulland\u0131:<\/p>\n<p>\u201c\u0130limizde \u00fcretim k\u00fclt\u00fcr\u00fcn\u00fcn en b\u00fcy\u00fck markalar\u0131ndan biri olan anasonumuzun d\u00fc\u015fen \u00fcretim ve ticaretini yeniden y\u00fckseli\u015fe ge\u00e7irmek, ihracat\u0131n\u0131 art\u0131rmak, piyasadaki dalgalanmalar\u0131n etkisini azaltmak ve s\u00fcrd\u00fcr\u00fclebilir tar\u0131m\u0131 desteklemek ad\u0131na \u00e7al\u0131\u015fmalar\u0131m\u0131z\u0131 s\u00fcrd\u00fcr\u00fcyoruz. Az su isteyen, y\u00fcksek kazan\u00e7 sa\u011flayan ve b\u00f6lgemizde yakla\u015f\u0131k 20 bin \u00e7ift\u00e7imizin \u00fcretim s\u00fcrecinde yer ald\u0131\u011f\u0131 anasonda ya\u015fanan sorunlar\u0131n \u00e7\u00f6z\u00fcm\u00fc i\u00e7in bir y\u0131l\u0131 a\u015fk\u0131n s\u00fcredir lobi faaliyetlerimizi s\u00fcrd\u00fcr\u00fcyoruz. Ge\u00e7ti\u011fimiz ay Tar\u0131m ve Orman Bakan Yard\u0131mc\u0131m\u0131z Ahmet G\u00fcmen ve Milletvekilimiz Say\u0131n Korkmaz ile yapt\u0131\u011f\u0131m\u0131z g\u00f6r\u00fc\u015fmede, konunun t\u00fcm payda\u015flar\u0131n kat\u0131l\u0131m\u0131yla kapsaml\u0131 \u015fekilde de\u011ferlendirilmesini talep etmi\u015ftik. Ger\u00e7ekle\u015ftirdi\u011fimiz toplant\u0131da katk\u0131 sunan Tar\u0131m ve Orman Bakanl\u0131\u011f\u0131m\u0131z ile Ticaret Bakanl\u0131\u011f\u0131m\u0131z\u0131n k\u0131ymetli b\u00fcrokratlar\u0131na, Say\u0131n Milletvekilimize ve s\u00fcrecin ba\u015f\u0131ndan bu yana birlikte yol y\u00fcr\u00fcd\u00fc\u011f\u00fcm\u00fcz \u00fcyelerimize ve \u00fcreticilerimize te\u015fekk\u00fcr ediyorum. \u0130n\u015fallah Burdurumuza g\u00fczel haberler verece\u011fiz.\u201d<\/p>\n<p>Toplant\u0131ya Burdur Ticaret Borsas\u0131 Y\u00f6netim Kurulu Ba\u015fkan Yard\u0131mc\u0131s\u0131 Cengiz G\u00fcrcan, Burdur Ticaret Borsas\u0131 \u00dcyeleri Osman Y\u0131ld\u0131ran, \u0130brahim Avc\u0131, Ali D\u00f6nmez ve Mustafa Karata\u015f kat\u0131ld\u0131.<\/p>\n<p>&nbsp;<\/p>\n<p><img loading=\"lazy\" decoding=\"async\" class=\"alignnone size-medium wp-image-8694\" src=\"https:\/\/www.burdurtb.org.tr\/tr\/wp-content\/uploads\/2026\/04\/WhatsApp-Image-2026-04-20-at-09.46.04-640x426.jpeg\" alt=\"\" width=\"640\" height=\"426\" srcset=\"https:\/\/www.burdurtb.org.tr\/tr\/wp-content\/uploads\/2026\/04\/WhatsApp-Image-2026-04-20-at-09.46.04-640x426.jpeg 640w, https:\/\/www.burdurtb.org.tr\/tr\/wp-content\/uploads\/2026\/04\/WhatsApp-Image-2026-04-20-at-09.46.04-1280x853.jpeg 1280w, https:\/\/www.burdurtb.org.tr\/tr\/wp-content\/uploads\/2026\/04\/WhatsApp-Image-2026-04-20-at-09.46.04-1024x682.jpeg 1024w, https:\/\/www.burdurtb.org.tr\/tr\/wp-content\/uploads\/2026\/04\/WhatsApp-Image-2026-04-20-at-09.46.04-1536x1023.jpeg 1536w, https:\/\/www.burdurtb.org.tr\/tr\/wp-content\/uploads\/2026\/04\/WhatsApp-Image-2026-04-20-at-09.46.04-320x213.jpeg 320w, https:\/\/www.burdurtb.org.tr\/tr\/wp-content\/uploads\/2026\/04\/WhatsApp-Image-2026-04-20-at-09.46.04.jpeg 1600w\" sizes=\"auto, (max-width: 640px) 100vw, 640px\" \/> <img loading=\"lazy\" decoding=\"async\" class=\"alignnone size-medium wp-image-8693\" src=\"https:\/\/www.burdurtb.org.tr\/tr\/wp-content\/uploads\/2026\/04\/WhatsApp-Image-2026-04-20-at-09.46.04-1-640x480.jpeg\" alt=\"\" width=\"640\" height=\"480\" srcset=\"https:\/\/www.burdurtb.org.tr\/tr\/wp-content\/uploads\/2026\/04\/WhatsApp-Image-2026-04-20-at-09.46.04-1-640x480.jpeg 640w, https:\/\/www.burdurtb.org.tr\/tr\/wp-content\/uploads\/2026\/04\/WhatsApp-Image-2026-04-20-at-09.46.04-1-1280x960.jpeg 1280w, https:\/\/www.burdurtb.org.tr\/tr\/wp-content\/uploads\/2026\/04\/WhatsApp-Image-2026-04-20-at-09.46.04-1-1024x768.jpeg 1024w, https:\/\/www.burdurtb.org.tr\/tr\/wp-content\/uploads\/2026\/04\/WhatsApp-Image-2026-04-20-at-09.46.04-1-1536x1152.jpeg 1536w, https:\/\/www.burdurtb.org.tr\/tr\/wp-content\/uploads\/2026\/04\/WhatsApp-Image-2026-04-20-at-09.46.04-1-2048x1536.jpeg 2048w, https:\/\/www.burdurtb.org.tr\/tr\/wp-content\/uploads\/2026\/04\/WhatsApp-Image-2026-04-20-at-09.46.04-1-320x240.jpeg 320w\" sizes=\"auto, (max-width: 640px) 100vw, 640px\" \/><\/p>\n","protected":false},"excerpt":{"rendered":"<p>Anason\u2019da ya\u015fanan sorunlar\u0131n \u00e7\u00f6z\u00fcm\u00fc i\u00e7in Ankara temaslar\u0131n\u0131 s\u00fcrd\u00fcren BTB Ba\u015fkan\u0131 G\u00fcnd\u00fczalp, \u201c\u00dcreticimizi koruyacak, ticaretimizi g\u00fc\u00e7lendirecek ve anasonumuzu yeniden hak etti\u011fi noktaya ta\u015f\u0131yacak ad\u0131mlar\u0131 kararl\u0131l\u0131kla at\u0131yoruz.\u201d dedi. Burdur Ticaret Borsas\u0131 Y\u00f6netim Kurulu Ba\u015fkan\u0131 \u00d6mer Faruk G\u00fcnd\u00fczalp, T\u00fcrkiye\u2019de \u00fcretiminin ve ticaretinin b\u00fcy\u00fck b\u00f6l\u00fcm\u00fcn\u00fc \u00fcstlendi\u011fimiz anason sekt\u00f6r\u00fcnde ya\u015fanan sorunlar\u0131n \u00e7\u00f6z\u00fcm\u00fc ad\u0131na \u00f6nemli bir ad\u0131m daha att\u0131. Bir y\u0131l\u0131 [&hellip;]<\/p>\n","protected":false},"author":10,"featured_media":8693,"comment_status":"open","ping_status":"open","sticky":false,"template":"","format":"standard","meta":{"footnotes":""},"categories":[142],"tags":[190,161,149,162,306],"class_list":["post-8692","post","type-post","status-publish","format-standard","has-post-thumbnail","hentry","category-haberler","tag-anason","tag-burdur","tag-burdur-ticaret-borsasi","tag-omer-faruk-gunduzalp","tag-rezene"],"_links":{"self":[{"href":"https:\/\/www.burdurtb.org.tr\/tr\/wp-json\/wp\/v2\/posts\/8692","targetHints":{"allow":["GET"]}}],"collection":[{"href":"https:\/\/www.burdurtb.org.tr\/tr\/wp-json\/wp\/v2\/posts"}],"about":[{"href":"https:\/\/www.burdurtb.org.tr\/tr\/wp-json\/wp\/v2\/types\/post"}],"author":[{"embeddable":true,"href":"https:\/\/www.burdurtb.org.tr\/tr\/wp-json\/wp\/v2\/users\/10"}],"replies":[{"embeddable":true,"href":"https:\/\/www.burdurtb.org.tr\/tr\/wp-json\/wp\/v2\/comments?post=8692"}],"version-history":[{"count":1,"href":"https:\/\/www.burdurtb.org.tr\/tr\/wp-json\/wp\/v2\/posts\/8692\/revisions"}],"predecessor-version":[{"id":8695,"href":"https:\/\/www.burdurtb.org.tr\/tr\/wp-json\/wp\/v2\/posts\/8692\/revisions\/8695"}],"wp:featuredmedia":[{"embeddable":true,"href":"https:\/\/www.burdurtb.org.tr\/tr\/wp-json\/wp\/v2\/media\/8693"}],"wp:attachment":[{"href":"https:\/\/www.burdurtb.org.tr\/tr\/wp-json\/wp\/v2\/media?parent=8692"}],"wp:term":[{"taxonomy":"category","embeddable":true,"href":"https:\/\/www.burdurtb.org.tr\/tr\/wp-json\/wp\/v2\/categories?post=8692"},{"taxonomy":"post_tag","embeddable":true,"href":"https:\/\/www.burdurtb.org.tr\/tr\/wp-json\/wp\/v2\/tags?post=8692"}],"curies":[{"name":"wp","href":"https:\/\/api.w.org\/{rel}","templated":true}]}}